{"id":1563,"global_id":"radiorevolten.net\/en?id=1563","global_id_lineage":["radiorevolten.net\/en?id=1563"],"author":"7","status":"publish","date":"2016-08-30 23:19:46","date_utc":"2016-08-30 21:19:46","modified":"2016-08-31 00:19:08","modified_utc":"2016-08-30 22:19:08","url":"https:\/\/radiorevolten.net\/en\/event\/aeusserst-vorsichtig-und-scheu-blendete-radio-zebra-aus\/","rest_url":"https:\/\/radiorevolten.net\/en\/wp-json\/tribe\/events\/v1\/events\/1563","title":"\u00bb\u00c4u\u00dferst vorsichtig und scheu blendete Radio Zebra aus\u00ab","description":"<p>Talk with Jan B\u00f6nkost<\/p>\n<p>Also on Radio Corax 95,9 FM<\/p>","excerpt":"","slug":"aeusserst-vorsichtig-und-scheu-blendete-radio-zebra-aus","image":false,"all_day":false,"start_date":"2016-10-28 13:00:00","start_date_details":{"year":"2016","month":"10","day":"28","hour":"13","minutes":"00","seconds":"00"},"end_date":"2016-10-28 14:00:00","end_date_details":{"year":"2016","month":"10","day":"28","hour":"14","minutes":"00","seconds":"00"},"utc_start_date":"2016-10-28 13:00:00","utc_start_date_details":{"year":"2016","month":"10","day":"28","hour":"13","minutes":"00","seconds":"00"},"utc_end_date":"2016-10-28 14:00:00","utc_end_date_details":{"year":"2016","month":"10","day":"28","hour":"14","minutes":"00","seconds":"00"},"timezone":"Europe\/Berlin","timezone_abbr":"CEST","cost":"","cost_details":{"currency_symbol":"","currency_position":"prefix","values":[]},"website":"","show_map":true,"show_map_link":true,"hide_from_listings":false,"sticky":false,"featured":false,"categories":[{"name":"Events","slug":"performance","term_group":0,"term_taxonomy_id":5,"taxonomy":"tribe_events_cat","description":"","parent":0,"count":96,"filter":"raw","term_order":"2","id":5,"urls":{"self":"https:\/\/radiorevolten.net\/en\/wp-json\/tribe\/events\/v1\/categories\/5","collection":"https:\/\/radiorevolten.net\/en\/wp-json\/tribe\/events\/v1\/categories"}}],"tags":[],"venue":{"id":408,"author":"4","status":"publish","date":"2016-06-04 16:33:05","date_utc":"2016-06-04 14:33:05","modified":"2016-06-04 16:33:05","modified_utc":"2016-06-04 14:33:05","url":"https:\/\/radiorevolten.net\/en\/veranstaltungsort\/city-museum\/","venue":"City museum","slug":"stadtmuseum","address":"Gro\u00dfe M\u00e4rkerstra\u00dfe 10","city":"Halle","country":"Deutschland","zip":"06108","website":"www.stadtmuseum.halle.de","geo_lat":51.480643,"geo_lng":11.97153,"json_ld":{"@type":"Place","name":"City museum","description":"","url":"https:\/\/radiorevolten.net\/en\/veranstaltungsort\/city-museum\/","address":{"@type":"PostalAddress","streetAddress":"Gro\u00dfe M\u00e4rkerstra\u00dfe 10","addressLocality":"Halle","postalCode":"06108","addressCountry":"Deutschland"},"geo":{"@type":"GeoCoordinates","latitude":51.480643,"longitude":11.97153},"telephone":"","sameAs":"www.stadtmuseum.halle.de"},"show_map":true,"show_map_link":true,"global_id":"radiorevolten.net\/en?id=408","global_id_lineage":["radiorevolten.net\/en?id=408"]},"organizer":[],"json_ld":{"@context":"http:\/\/schema.org","@type":"Event","name":"\u00bb\u00c4u\u00dferst vorsichtig und scheu blendete Radio Zebra aus\u00ab","description":"&lt;p&gt;Talk mit Jan B\u00f6nkost Am Bodensee ert\u00f6nte \u00bbRadio Wellenbrecher\u00ab, in Offenburg \u00bbRadio Paranoia\u00ab, in Schw\u00e4bisch Gm\u00fcnd \u00bbRadio Aktiv\u00ab, in Regensburg \u00bbRadio Freie Schnauze\u00ab, in Brokdorf \u00bbRadio Querfunk\u00ab, in Hamburg \u00bbRadio...&lt;\/p&gt;\\n","url":"https:\/\/radiorevolten.net\/en\/event\/aeusserst-vorsichtig-und-scheu-blendete-radio-zebra-aus\/","startDate":"2016-10-28T13:00:00+02:00","endDate":"2016-10-28T14:00:00+02:00","location":{"@type":"Place","name":"City museum","description":"","url":"https:\/\/radiorevolten.net\/en\/veranstaltungsort\/city-museum\/","address":{"@type":"PostalAddress","streetAddress":"Gro\u00dfe M\u00e4rkerstra\u00dfe 10","addressLocality":"Halle","postalCode":"06108","addressCountry":"Deutschland"},"geo":{"@type":"GeoCoordinates","latitude":51.480643,"longitude":11.97153},"telephone":"","sameAs":"www.stadtmuseum.halle.de"}}}